{"id":5317,"date":"2026-09-03T15:49:28","date_gmt":"2026-09-03T15:49:28","guid":{"rendered":"https:\/\/www.elvismyhappiness.com\/wp\/?p=5317"},"modified":"2026-09-03T15:53:44","modified_gmt":"2026-09-03T15:53:44","slug":"epic-elvis-presley-in-concert","status":"publish","type":"post","link":"https:\/\/www.elvismyhappiness.com\/wp\/?p=5317","title":{"rendered":"EPiC : Elvis Presley In Concert"},"content":{"rendered":"\n<p class=\"wp-block-paragraph\"><strong>ENCORE ET TOUJOURS&nbsp;!<\/strong> <\/p>\n\n\n\n<div class=\"wp-block-media-text is-stacked-on-mobile\" style=\"grid-template-columns:45% auto\"><figure class=\"wp-block-media-text__media\"><img loading=\"lazy\" decoding=\"async\" width=\"820\" height=\"1024\" src=\"https:\/\/www.elvismyhappiness.com\/wp\/wp-content\/uploads\/2026\/06\/Capture-decran-2026-06-20-a-12.22.14-820x1024.png\" alt=\"\" class=\"wp-image-3878 size-full\" srcset=\"https:\/\/www.elvismyhappiness.com\/wp\/wp-content\/uploads\/2026\/06\/Capture-decran-2026-06-20-a-12.22.14-820x1024.png 820w, https:\/\/www.elvismyhappiness.com\/wp\/wp-content\/uploads\/2026\/06\/Capture-decran-2026-06-20-a-12.22.14-240x300.png 240w, https:\/\/www.elvismyhappiness.com\/wp\/wp-content\/uploads\/2026\/06\/Capture-decran-2026-06-20-a-12.22.14-768x959.png 768w, https:\/\/www.elvismyhappiness.com\/wp\/wp-content\/uploads\/2026\/06\/Capture-decran-2026-06-20-a-12.22.14-1230x1536.png 1230w, https:\/\/www.elvismyhappiness.com\/wp\/wp-content\/uploads\/2026\/06\/Capture-decran-2026-06-20-a-12.22.14.png 1270w\" sizes=\"auto, (max-width: 820px) 100vw, 820px\" \/><\/figure><div class=\"wp-block-media-text__content\">\n<p class=\"wp-block-paragraph\">Alors que la date d\u00e9finitive de la sortie en<strong>&nbsp;France&nbsp;<\/strong>du<strong>&nbsp;DVD&nbsp;<\/strong>est annonc\u00e9e pour le<strong>&nbsp;23 septembre 2026<\/strong>, une projection sur grand \u00e9cran aura lieu le&nbsp;<strong>dimanche 27 septembre prochain<\/strong>, \u00e0<strong>&nbsp;16h<\/strong>, au cin\u00e9ma<strong>&nbsp;Les 3 Pierrots&nbsp;<\/strong>\u00e0<strong>&nbsp;Saint-Cloud<\/strong>. Elle sera suivie d\u2019un moment d&#8217;\u00e9change et de d\u00e9bat avec le public, anim\u00e9 par notre<strong>&nbsp;Pr\u00e9sident Jean-Marie Pouzenc<\/strong>. Venez nombreux, voil\u00e0 une belle occasion de se retrouver et de partager notre passion autour de ce documentaire exceptionnel qui a \u00e9t\u00e9 le v\u00e9ritable \u00e9v\u00e9nement cin\u00e9matographique de ce d\u00e9but d\u2019ann\u00e9e.<\/p>\n<\/div><\/div>\n\n\n\n<figure data-spbadd-entrance=\"\" superb-addons-animation=\"slideInLeft\" class=\"wp-block-image aligncenter size-full is-resized\"><img loading=\"lazy\" decoding=\"async\" width=\"571\" height=\"343\" src=\"https:\/\/www.elvismyhappiness.com\/wp\/wp-content\/uploads\/2026\/09\/SC1.jpg\" alt=\"\" class=\"wp-image-5318\" style=\"width:757px;height:auto\" srcset=\"https:\/\/www.elvismyhappiness.com\/wp\/wp-content\/uploads\/2026\/09\/SC1.jpg 571w, https:\/\/www.elvismyhappiness.com\/wp\/wp-content\/uploads\/2026\/09\/SC1-300x180.jpg 300w, https:\/\/www.elvismyhappiness.com\/wp\/wp-content\/uploads\/2026\/09\/SC1-499x300.jpg 499w, https:\/\/www.elvismyhappiness.com\/wp\/wp-content\/uploads\/2026\/09\/SC1-310x186.jpg 310w, https:\/\/www.elvismyhappiness.com\/wp\/wp-content\/uploads\/2026\/09\/SC1-150x90.jpg 150w\" sizes=\"auto, (max-width: 571px) 100vw, 571px\" \/><\/figure>\n\n\n\n<div class=\"wp-block-superb-addons-google-maps\"><div class=\"superbaddons-google-maps-block\" style=\"--superbaddons-block-height:300px\"><iframe title=\"Les 3 Pierrots : 6, Rue du Mont Val\u00e9rien, 92210 Saint-Cloud - T\u00e9l\u00e9phone : 01 46 02 74 44.\" style=\"width:100%;height:100%;border:none\" loading=\"lazy\" referrerpolicy=\"no-referrer-when-downgrade\" src=\"https:\/\/maps.google.com\/maps?width=100%&amp;height=100%&amp;q=Les%203%20Pierrots%20%3A%206%2C%20Rue%20du%20Mont%20Val%C3%A9rien%2C%2092210%20Saint-Cloud%20-%20T%C3%A9l%C3%A9phone%20%3A%2001%2046%2002%2074%2044.&amp;t=&amp;z=15&amp;hl=en&amp;ie=UTF8&amp;iwloc=B&amp;output=embed\"><\/iframe><\/div><\/div>\n\n\n\n<figure data-spbadd-entrance=\"\" superb-addons-animation=\"slideInRight\" class=\"wp-block-image aligncenter size-full\"><img loading=\"lazy\" decoding=\"async\" width=\"749\" height=\"295\" src=\"https:\/\/www.elvismyhappiness.com\/wp\/wp-content\/uploads\/2026\/09\/SC2.jpg\" alt=\"\" class=\"wp-image-5319\" srcset=\"https:\/\/www.elvismyhappiness.com\/wp\/wp-content\/uploads\/2026\/09\/SC2.jpg 749w, https:\/\/www.elvismyhappiness.com\/wp\/wp-content\/uploads\/2026\/09\/SC2-300x118.jpg 300w, https:\/\/www.elvismyhappiness.com\/wp\/wp-content\/uploads\/2026\/09\/SC2-650x256.jpg 650w, https:\/\/www.elvismyhappiness.com\/wp\/wp-content\/uploads\/2026\/09\/SC2-310x122.jpg 310w, https:\/\/www.elvismyhappiness.com\/wp\/wp-content\/uploads\/2026\/09\/SC2-150x59.jpg 150w\" sizes=\"auto, (max-width: 749px) 100vw, 749px\" \/><\/figure>\n\n\n\n<figure data-spbadd-entrance=\"\" superb-addons-animation=\"slideInLeft\" class=\"wp-block-image aligncenter size-full\"><img loading=\"lazy\" decoding=\"async\" width=\"597\" height=\"218\" src=\"https:\/\/www.elvismyhappiness.com\/wp\/wp-content\/uploads\/2026\/09\/SC3.jpg\" alt=\"\" class=\"wp-image-5320\" srcset=\"https:\/\/www.elvismyhappiness.com\/wp\/wp-content\/uploads\/2026\/09\/SC3.jpg 597w, https:\/\/www.elvismyhappiness.com\/wp\/wp-content\/uploads\/2026\/09\/SC3-300x110.jpg 300w, https:\/\/www.elvismyhappiness.com\/wp\/wp-content\/uploads\/2026\/09\/SC3-310x113.jpg 310w, https:\/\/www.elvismyhappiness.com\/wp\/wp-content\/uploads\/2026\/09\/SC3-150x55.jpg 150w\" sizes=\"auto, (max-width: 597px) 100vw, 597px\" \/><\/figure>\n","protected":false},"excerpt":{"rendered":"<p>ENCORE ET TOUJOURS&nbsp;! Alors que la date d\u00e9finitive de la sortie en&nbsp;France&nbsp;du&nbsp;DVD&nbsp;est annonc\u00e9e pour le&nbsp;23 septembre 2026, une projection sur grand \u00e9cran aura lieu le&nbsp;dimanche 27 septembre prochain, \u00e0&nbsp;16h, au cin\u00e9ma&nbsp;Les 3 Pierrots&nbsp;\u00e0&nbsp;Saint-Cloud. Elle sera suivie d\u2019un moment d&#8217;\u00e9change et de d\u00e9bat avec le public, anim\u00e9 par notre&nbsp;Pr\u00e9sident Jean-Marie Pouzenc. Venez nombreux, voil\u00e0 une belle [&hellip;]<\/p>\n","protected":false},"author":1,"featured_media":2795,"comment_status":"open","ping_status":"open","sticky":false,"template":"","format":"standard","meta":{"_bbp_topic_count":0,"_bbp_reply_count":0,"_bbp_total_topic_count":0,"_bbp_total_reply_count":0,"_bbp_voice_count":0,"_bbp_anonymous_reply_count":0,"_bbp_topic_count_hidden":0,"_bbp_reply_count_hidden":0,"_bbp_forum_subforum_count":0,"footnotes":""},"categories":[32,58,33,56],"tags":[55,195,53,142,333,332],"class_list":["post-5317","post","type-post","status-publish","format-standard","has-post-thumbnail","hentry","category-actualites","category-elvis-en-france","category-epic","category-evenements-emh","tag-elvis-2","tag-elvispresley","tag-elvispresleyinconcert","tag-epic-2","tag-les3pierrots","tag-saintcloud"],"_links":{"self":[{"href":"https:\/\/www.elvismyhappiness.com\/wp\/index.php?rest_route=\/wp\/v2\/posts\/5317","targetHints":{"allow":["GET"]}}],"collection":[{"href":"https:\/\/www.elvismyhappiness.com\/wp\/index.php?rest_route=\/wp\/v2\/posts"}],"about":[{"href":"https:\/\/www.elvismyhappiness.com\/wp\/index.php?rest_route=\/wp\/v2\/types\/post"}],"author":[{"embeddable":true,"href":"https:\/\/www.elvismyhappiness.com\/wp\/index.php?rest_route=\/wp\/v2\/users\/1"}],"replies":[{"embeddable":true,"href":"https:\/\/www.elvismyhappiness.com\/wp\/index.php?rest_route=%2Fwp%2Fv2%2Fcomments&post=5317"}],"version-history":[{"count":7,"href":"https:\/\/www.elvismyhappiness.com\/wp\/index.php?rest_route=\/wp\/v2\/posts\/5317\/revisions"}],"predecessor-version":[{"id":5331,"href":"https:\/\/www.elvismyhappiness.com\/wp\/index.php?rest_route=\/wp\/v2\/posts\/5317\/revisions\/5331"}],"wp:featuredmedia":[{"embeddable":true,"href":"https:\/\/www.elvismyhappiness.com\/wp\/index.php?rest_route=\/wp\/v2\/media\/2795"}],"wp:attachment":[{"href":"https:\/\/www.elvismyhappiness.com\/wp\/index.php?rest_route=%2Fwp%2Fv2%2Fmedia&parent=5317"}],"wp:term":[{"taxonomy":"category","embeddable":true,"href":"https:\/\/www.elvismyhappiness.com\/wp\/index.php?rest_route=%2Fwp%2Fv2%2Fcategories&post=5317"},{"taxonomy":"post_tag","embeddable":true,"href":"https:\/\/www.elvismyhappiness.com\/wp\/index.php?rest_route=%2Fwp%2Fv2%2Ftags&post=5317"}],"curies":[{"name":"wp","href":"https:\/\/api.w.org\/{rel}","templated":true}]}}