{"id":5332,"date":"2026-09-03T16:10:40","date_gmt":"2026-09-03T16:10:40","guid":{"rendered":"https:\/\/www.elvismyhappiness.com\/wp\/?p=5332"},"modified":"2026-09-03T16:10:41","modified_gmt":"2026-09-03T16:10:41","slug":"le-grand-hommage-a-elvis-presley","status":"publish","type":"post","link":"https:\/\/www.elvismyhappiness.com\/wp\/?p=5332","title":{"rendered":"Le Grand Hommage \u00e0 Elvis Presley"},"content":{"rendered":"\n<p class=\"wp-block-paragraph\">En Normandie&#8230;<\/p>\n\n\n\n<div class=\"wp-block-media-text is-stacked-on-mobile\" style=\"grid-template-columns:45% auto\"><figure class=\"wp-block-media-text__media\"><img loading=\"lazy\" decoding=\"async\" width=\"720\" height=\"405\" src=\"https:\/\/www.elvismyhappiness.com\/wp\/wp-content\/uploads\/2026\/09\/CA.jpg\" alt=\"\" class=\"wp-image-5333 size-full\" srcset=\"https:\/\/www.elvismyhappiness.com\/wp\/wp-content\/uploads\/2026\/09\/CA.jpg 720w, https:\/\/www.elvismyhappiness.com\/wp\/wp-content\/uploads\/2026\/09\/CA-300x169.jpg 300w, https:\/\/www.elvismyhappiness.com\/wp\/wp-content\/uploads\/2026\/09\/CA-533x300.jpg 533w, https:\/\/www.elvismyhappiness.com\/wp\/wp-content\/uploads\/2026\/09\/CA-310x174.jpg 310w, https:\/\/www.elvismyhappiness.com\/wp\/wp-content\/uploads\/2026\/09\/CA-150x84.jpg 150w\" sizes=\"auto, (max-width: 720px) 100vw, 720px\" \/><\/figure><div class=\"wp-block-media-text__content\">\n<p class=\"wp-block-paragraph\">Alors que, comme nous l\u2019annoncions, il y a quelques temps, l\u2019expo<strong>\u00a0Elvis\u00a0<\/strong>pr\u00e9vue le 27 septembre, Salle des f\u00eates de\u00a0<strong>Pont-sur-Vanne\u00a0<\/strong>n\u2019aura pas lieu, seul le concert du groupe <strong>Rock Fingers\u00a0<\/strong>\u00e9tant maintenu, nous vous invitons \u00e0 l\u2019inverse \u00e0 vous rendre \u00e0\u00a0<strong>La Foire Internationale de Caen<\/strong>, le<strong><em>\u00a0<\/em>samedi 19 septembre 2026\u00a0<\/strong>\u00e0<strong>\u00a020h\u00a0<\/strong>o\u00f9 sera rendu par le groupe<strong>\u00a0Graceland<\/strong>\u00a0un hommage \u00e0\u00a0<strong>Elvis.<\/strong><\/p>\n\n\n\n<p class=\"wp-block-paragraph\">La Foire aura lieu du vendredi 18 au dimanche 27 septembre 2026 avec l&#8217;<strong>Italie&nbsp;<\/strong>comme pays invit\u00e9 ! Un rendez-vous commercial, attractif et porteur d\u2019opportunit\u00e9s pour les entreprises du territoire. Une foire festive, conviviale et accessible \u00e0 tous.&nbsp;<\/p>\n\n\n\n<p class=\"wp-block-paragraph\">Dans ce cadre, bien plus qu\u2019un simple tribute,<strong>&nbsp;Graceland&nbsp;<\/strong>pr\u00e9sente un v\u00e9ritable concert live port\u00e9 par huit musiciens et choristes, qui fait revivre l\u2019\u00e9motion, l\u2019\u00e9nergie et les plus grands succ\u00e8s du<strong>&nbsp;King&nbsp;<\/strong>dans une interpr\u00e9tation moderne, \u00e9l\u00e9gante et fid\u00e8le \u00e0 son h\u00e9ritage. Des premiers succ\u00e8s rock\u2019n\u2019roll aux ann\u00e9es mythiques de<strong>&nbsp;Las Vegas<\/strong>, vous retrouvez les chansons qui ont marqu\u00e9 plusieurs g\u00e9n\u00e9rations :<strong>&nbsp;<em>Suspicious Minds, Can\u2019t Help Falling in Love, Jailhouse Rock, Burning Love, In the Ghetto, An American Trilogy\u2026&nbsp;<\/em><\/strong>et bien d\u2019autres. Un spectacle 100 % live. Pr\u00e8s de deux heures de musique et d\u2019\u00e9motion. A noter que le groupe s&#8217;est produit \u00e0&nbsp;<strong>Sainte-M\u00e8re-\u00c9glise<\/strong>,<strong>&nbsp;le 5 juin 2026<\/strong>, dans le cadre des comm\u00e9morations du<strong>&nbsp;D-Day<\/strong>.&nbsp;<strong>2027 approche&nbsp;!<\/strong><\/p>\n\n\n\n<p class=\"wp-block-paragraph\">Location\u00a0:<strong>\u00a0<\/strong><a href=\"https:\/\/www.foiredecaen.fr\/content\/l-evenement\"><strong>Foire de Caen | Caen,<em>\u00a0<\/em>BA<\/strong>.<\/a><\/p>\n<\/div><\/div>\n\n\n\n<div class=\"wp-block-superb-addons-google-maps\"><div class=\"superbaddons-google-maps-block\" style=\"--superbaddons-block-height:300px\"><iframe title=\"Foire de Caen\" style=\"width:100%;height:100%;border:none\" loading=\"lazy\" referrerpolicy=\"no-referrer-when-downgrade\" src=\"https:\/\/maps.google.com\/maps?width=100%&amp;height=100%&amp;q=Foire%20de%20Caen&amp;t=&amp;z=13&amp;hl=en&amp;ie=UTF8&amp;iwloc=B&amp;output=embed\"><\/iframe><\/div><\/div>\n","protected":false},"excerpt":{"rendered":"<p>En Normandie&#8230; Alors que, comme nous l\u2019annoncions, il y a quelques temps, l\u2019expo\u00a0Elvis\u00a0pr\u00e9vue le 27 septembre, Salle des f\u00eates de\u00a0Pont-sur-Vanne\u00a0n\u2019aura pas lieu, seul le concert du groupe Rock Fingers\u00a0\u00e9tant maintenu, nous vous invitons \u00e0 l\u2019inverse \u00e0 vous rendre \u00e0\u00a0La Foire Internationale de Caen, le\u00a0samedi 19 septembre 2026\u00a0\u00e0\u00a020h\u00a0o\u00f9 sera rendu par le groupe\u00a0Graceland\u00a0un hommage \u00e0\u00a0Elvis. La [&hellip;]<\/p>\n","protected":false},"author":1,"featured_media":5336,"comment_status":"open","ping_status":"open","sticky":false,"template":"","format":"standard","meta":{"_bbp_topic_count":0,"_bbp_reply_count":0,"_bbp_total_topic_count":0,"_bbp_total_reply_count":0,"_bbp_voice_count":0,"_bbp_anonymous_reply_count":0,"_bbp_topic_count_hidden":0,"_bbp_reply_count_hidden":0,"_bbp_forum_subforum_count":0,"footnotes":""},"categories":[32,58],"tags":[338,336,55,335,164,337,334],"class_list":["post-5332","post","type-post","status-publish","format-standard","has-post-thumbnail","hentry","category-actualites","category-elvis-en-france","tag-338","tag-caen","tag-elvis-2","tag-foireinternationale","tag-graceland","tag-normandie","tag-rockyfingers"],"_links":{"self":[{"href":"https:\/\/www.elvismyhappiness.com\/wp\/index.php?rest_route=\/wp\/v2\/posts\/5332","targetHints":{"allow":["GET"]}}],"collection":[{"href":"https:\/\/www.elvismyhappiness.com\/wp\/index.php?rest_route=\/wp\/v2\/posts"}],"about":[{"href":"https:\/\/www.elvismyhappiness.com\/wp\/index.php?rest_route=\/wp\/v2\/types\/post"}],"author":[{"embeddable":true,"href":"https:\/\/www.elvismyhappiness.com\/wp\/index.php?rest_route=\/wp\/v2\/users\/1"}],"replies":[{"embeddable":true,"href":"https:\/\/www.elvismyhappiness.com\/wp\/index.php?rest_route=%2Fwp%2Fv2%2Fcomments&post=5332"}],"version-history":[{"count":2,"href":"https:\/\/www.elvismyhappiness.com\/wp\/index.php?rest_route=\/wp\/v2\/posts\/5332\/revisions"}],"predecessor-version":[{"id":5337,"href":"https:\/\/www.elvismyhappiness.com\/wp\/index.php?rest_route=\/wp\/v2\/posts\/5332\/revisions\/5337"}],"wp:featuredmedia":[{"embeddable":true,"href":"https:\/\/www.elvismyhappiness.com\/wp\/index.php?rest_route=\/wp\/v2\/media\/5336"}],"wp:attachment":[{"href":"https:\/\/www.elvismyhappiness.com\/wp\/index.php?rest_route=%2Fwp%2Fv2%2Fmedia&parent=5332"}],"wp:term":[{"taxonomy":"category","embeddable":true,"href":"https:\/\/www.elvismyhappiness.com\/wp\/index.php?rest_route=%2Fwp%2Fv2%2Fcategories&post=5332"},{"taxonomy":"post_tag","embeddable":true,"href":"https:\/\/www.elvismyhappiness.com\/wp\/index.php?rest_route=%2Fwp%2Fv2%2Ftags&post=5332"}],"curies":[{"name":"wp","href":"https:\/\/api.w.org\/{rel}","templated":true}]}}